[{"@context":"https:\/\/schema.org\/","@type":"BlogPosting","@id":"https:\/\/forsbeck.de\/wann-brauche-ich-die-mallorca-police\/#BlogPosting","mainEntityOfPage":"https:\/\/forsbeck.de\/wann-brauche-ich-die-mallorca-police\/","headline":"Wann brauche ich die Mallorca-Police?","name":"Wann brauche ich die Mallorca-Police?","description":"Mallorca-Police Urlaub gebucht? Mietwagen reserviert? An die Mallorca-Police gedacht? Nein? Ohne sie kann es richtig teuer werden. Damit Du f\u00fcr einen Schaden im In- und Ausland mit dem Leihwagen nicht in die eigene Tasche greifen musst, gibt es eine preisg\u00fcnstige Erg\u00e4nzung zu Deiner KFZ Versicherung. Sie stockt Deinen Haftpflichtschutz auf deutschen Standard auf, damit der&hellip;<p class=\"more-link\"><a href=\"https:\/\/forsbeck.de\/wann-brauche-ich-die-mallorca-police\/\" class=\"themebutton\">Read More<\/a><\/p>","datePublished":"2018-07-14","dateModified":"2023-04-17","author":{"@type":"Person","@id":"https:\/\/forsbeck.de\/author\/hanna\/#Person","name":"Lina","url":"https:\/\/forsbeck.de\/author\/hanna\/","identifier":1,"image":{"@type":"ImageObject","@id":"https:\/\/secure.gravatar.com\/avatar\/a046bfd6047eabae43113a6c388da7862f6faa71adc8f0b0adfb2f8aa484a140?s=96&d=mm&r=g","url":"https:\/\/secure.gravatar.com\/avatar\/a046bfd6047eabae43113a6c388da7862f6faa71adc8f0b0adfb2f8aa484a140?s=96&d=mm&r=g","height":96,"width":96}},"publisher":{"@type":"Organization","name":"Leo Forsbeck Versicherungsmakler","logo":{"@type":"ImageObject","@id":"https:\/\/forsbeck.de\/wp-content\/uploads\/Forsbeck-Logo240x59.gif","url":"https:\/\/forsbeck.de\/wp-content\/uploads\/Forsbeck-Logo240x59.gif","width":240,"height":59}},"image":{"@type":"ImageObject","@id":"https:\/\/forsbeck.de\/wp-content\/uploads\/2018\/07\/Mallorcapolice700x467-e1547566200724.jpg","url":"https:\/\/forsbeck.de\/wp-content\/uploads\/2018\/07\/Mallorcapolice700x467-e1547566200724.jpg","height":300,"width":450},"url":"https:\/\/forsbeck.de\/wann-brauche-ich-die-mallorca-police\/","about":["KFZ Versicherung","Teilkasko","Vollkasko"],"wordCount":180,"keywords":["Dienstreise","Kaskoschaden","KFZ","KFZ Haftpflicht","Leihwagen","Mallorca-Police","Mietwagen","Reise","Teilkasko","Urlaub","Vollkasko"],"articleBody":"\t\tMallorca-PoliceUrlaub gebucht? Mietwagen reserviert? An die Mallorca-Police gedacht? Nein? Ohne sie kann es richtig teuer werden.Damit Du f\u00fcr einen Schaden im In- und Ausland mit dem Leihwagen nicht in die eigene Tasche greifen musst, gibt es eine preisg\u00fcnstige Erg\u00e4nzung zu Deiner KFZ Versicherung. Sie stockt Deinen Haftpflichtschutz auf deutschen Standard auf, damit der Traumurlaub nicht zur Kostenfalle wird. Auch wer im Alltag kein Auto hat, kann trotzdem eine Mallorca-Police abschliessen. Die Police gilt im gesamten europ\u00e4ischen Ausland.Die Mallorca-Police schlie\u00dft die Versicherungsl\u00fccke und hebt die Versicherungssumme auf die in Deutschland gesetzlich festgelegte Mindesversicherungssumme an. Hast Du im Ausland einen gr\u00f6sseren Unfall, so bleibst Du unter Umst\u00e4nden auf einem Teil des Schadens sitzen, weil die Versicherungssummen im Urlaubsland zu niedrig sind. In einigen Versicherungen ist die Mallorca-Police bereits eingeschlossen. Was sagt das Kleingedruckte Deiner Versicherung? Du brauchst noch Infos bevor Du unn\u00f6tigen Schnickschnack abschlie\u00dft oder m\u00f6chtest, da\u00df wir uns den Tarif einmal ansehen? ?? Ruf an, wir beraten Dich gerne.\t&nbsp;Telefon 02253\/8420 oder 0177 \/ 838 70 19oder im WhatsApp Chat\t&nbsp;&nbsp;"},{"@context":"https:\/\/schema.org\/","@type":"BreadcrumbList","itemListElement":[{"@type":"ListItem","position":1,"name":"Wann brauche ich die Mallorca-Police?","item":"https:\/\/forsbeck.de\/wann-brauche-ich-die-mallorca-police\/#breadcrumbitem"}]}]