[{"@context":"https:\/\/schema.org\/","@type":"Article","@id":"https:\/\/forsbeck.de\/privatkunden-2\/altersvorsorge\/erwerbsunfaehigkeitsversicherung\/#Article","mainEntityOfPage":"https:\/\/forsbeck.de\/privatkunden-2\/altersvorsorge\/erwerbsunfaehigkeitsversicherung\/","headline":"Erwerbsunf\u00e4higkeits-Versicherung","name":"Erwerbsunf\u00e4higkeits-Versicherung","description":"Die Erwerbsunf\u00e4higkeitsversicherung - eine Alternative zur Berufsunf\u00e4higkeitsversicherung Wer sich allein auf die gesetzliche Rente verl\u00e4sst, wird eine bittere Erfahrung machen: Sie reicht in vielen F\u00e4llen nicht aus. Umso wichtiger ist es, m\u00f6glichst fr\u00fch f\u00fcr das Alter vorzusorgen - sei es etwa in Form einer Erwerbsunf\u00e4higkeitsversicherung. Der Staat sichert in Deutschland Arbeitnehmer \u00fcber die Erwerbsminderungsrente ab,&hellip;<p class=\"more-link\"><a href=\"https:\/\/forsbeck.de\/privatkunden-2\/altersvorsorge\/erwerbsunfaehigkeitsversicherung\/\" class=\"themebutton\">Read More<\/a><\/p>","datePublished":"2017-08-02","dateModified":"2021-09-27","author":{"@type":"Person","@id":"https:\/\/forsbeck.de\/author\/hanna\/#Person","name":"Lina","url":"https:\/\/forsbeck.de\/author\/hanna\/","identifier":1,"image":{"@type":"ImageObject","@id":"https:\/\/secure.gravatar.com\/avatar\/a046bfd6047eabae43113a6c388da7862f6faa71adc8f0b0adfb2f8aa484a140?s=96&d=mm&r=g","url":"https:\/\/secure.gravatar.com\/avatar\/a046bfd6047eabae43113a6c388da7862f6faa71adc8f0b0adfb2f8aa484a140?s=96&d=mm&r=g","height":96,"width":96}},"publisher":{"@type":"Organization","name":"Leo Forsbeck Versicherungsmakler","logo":{"@type":"ImageObject","@id":"https:\/\/forsbeck.de\/wp-content\/uploads\/Forsbeck-Logo240x59.gif","url":"https:\/\/forsbeck.de\/wp-content\/uploads\/Forsbeck-Logo240x59.gif","width":240,"height":59}},"image":{"@type":"ImageObject","@id":"https:\/\/forsbeck.de\/wp-content\/uploads\/2017\/08\/Erwerbsunf\u00e4higkeit-e1536664418591.png","url":"https:\/\/forsbeck.de\/wp-content\/uploads\/2017\/08\/Erwerbsunf\u00e4higkeit-e1536664418591.png","height":317,"width":450},"url":"https:\/\/forsbeck.de\/privatkunden-2\/altersvorsorge\/erwerbsunfaehigkeitsversicherung\/"},{"@context":"https:\/\/schema.org","@type":"BreadcrumbList","@id":"https:\/\/forsbeck.de\/privatkunden-2\/altersvorsorge\/erwerbsunfaehigkeitsversicherung\/#BreadcrumbList","itemListElement":[{"@type":"ListItem","position":1,"name":"Versicherungen f\u00fcr Privatkunden","item":"https:\/\/forsbeck.de\/privatkunden-2\/#breadcrumbitem"},{"@type":"ListItem","position":2,"name":"Altersvorsorge","item":"https:\/\/forsbeck.de\/privatkunden-2\/altersvorsorge\/#breadcrumbitem"},{"@type":"ListItem","position":3,"name":"Erwerbsunf\u00e4higkeits-Versicherung","item":"https:\/\/forsbeck.de\/privatkunden-2\/altersvorsorge\/erwerbsunfaehigkeitsversicherung\/#breadcrumbitem"}]}]